{"id":3125,"date":"2025-01-16T14:36:29","date_gmt":"2025-01-16T13:36:29","guid":{"rendered":"https:\/\/derwanderer.synology.me\/wordpress\/?p=3125"},"modified":"2025-01-27T10:40:33","modified_gmt":"2025-01-27T09:40:33","slug":"gutes-essen-schwere-kost","status":"publish","type":"post","link":"https:\/\/derwanderer.synology.me\/wordpress\/gutes-essen-schwere-kost\/3125\/","title":{"rendered":"Gut(es) Essen &#8211; schwere Kost ?"},"content":{"rendered":"<div class=\"fusion-fullwidth fullwidth-box fusion-builder-row-1 fusion-flex-container has-pattern-background has-mask-background nonhundred-percent-fullwidth non-hundred-percent-height-scrolling\" style=\"--awb-border-radius-top-left:0px;--awb-border-radius-top-right:0px;--awb-border-radius-bottom-right:0px;--awb-border-radius-bottom-left:0px;--awb-flex-wrap:wrap;\" ><div class=\"fusion-builder-row fusion-row fusion-flex-align-items-flex-start fusion-flex-content-wrap\" style=\"max-width:1302px;margin-left: calc(-5% \/ 2 );margin-right: calc(-5% \/ 2 );\"><div class=\"fusion-layout-column fusion_builder_column fusion-builder-column-0 fusion_builder_column_1_1 1_1 fusion-flex-column\" style=\"--awb-bg-size:cover;--awb-width-large:100%;--awb-margin-top-large:0px;--awb-spacing-right-large:2.375%;--awb-margin-bottom-large:0px;--awb-spacing-left-large:2.375%;--awb-width-medium:100%;--awb-order-medium:0;--awb-spacing-right-medium:2.375%;--awb-spacing-left-medium:2.375%;--awb-width-small:100%;--awb-order-small:0;--awb-spacing-right-small:2.375%;--awb-spacing-left-small:2.375%;\"><div class=\"fusion-column-wrapper fusion-column-has-shadow fusion-flex-justify-content-flex-start fusion-content-layout-column\"><div class=\"fusion-text fusion-text-1\"><p>Da gab es mal eine Reportage \u00fcber einem Stamm \u2013 ein V\u00f6lkchen irgendwo im Urwald \u2013<br \/>\nden niemand kennt und auch niemand wei\u00df wo der lebt.<\/p>\n<p>V\u00f6llig isoliert und fern ab von unserer sogenannten Zivilisation.<br \/>\nEs durfte dort gefilmt, Fotos gemacht und diese Geschichte aufgeschrieben werden.<\/p>\n<p>Die Menschen gehen hier noch auf die Jagd und sammeln Beeren und Kr\u00e4uter selbst.<br \/>\nDie Beute und die Fr\u00fcchte werden danach verarbeitet &#8211; wieder gemeinsam.<\/p>\n<p>Alle arbeiten bewusst und &#8211; zusammen weil sie es gar nicht anders kennen.<\/p>\n<p>Am Ende des Tages wird dieses Ereignis dann auch gemeinsam geb\u00fchrend gefeiert!<br \/>\nSo richtig mit Lagerfeuer, Singen, Tanzen, Essen und Trinken.<\/p>\n<\/div><div class=\"fusion-text fusion-text-2 fusion-text-no-margin\" style=\"--awb-margin-top:-10px;--awb-margin-bottom:-20px;\"><h4 style=\"text-align: center;\">H\u00f6rt sich wirklich \u201eunzivilisiert\u201c an, hm?<\/h4>\n<\/div><div class=\"fusion-text fusion-text-3\"><blockquote>\n<p>K\u00f6nnt Ihr Euch vorstellen, wie diese Menschen geguckt haben, als sie erfuhren, dass WIR zum Supermarkt gehen und Fleisch, Gem\u00fcse und S\u00fc\u00dfigkeiten kaufen?<br \/>\nFertig zerlegt und verpackt und das in Massen!<\/p>\n<\/blockquote>\n<\/div><div class=\"fusion-text fusion-text-4\"><p>Was ich damit sagen m\u00f6chte ist, wir haben verlernt zu sch\u00e4tzen was wir essen und sind uns nicht mehr bewusst was Essen \u00fcberhaupt bedeutet &#8211; geschweige denn wo es herkommt.<\/p>\n<\/div><div class=\"fusion-text fusion-text-5\"><p>Schliesslich finde ich es erw\u00e4hnenswert, dass dieses Bewusstsein offenbar zur\u00fcckkehrt. Du kannst es sehen und sp\u00fcren auf den Wochenm\u00e4rkten, in den Dorfl\u00e4den und ganz besonders bei den Bauern selbst.<\/p>\n<\/div><div class=\"fusion-text fusion-text-6\"><\/div><div class=\"fusion-text fusion-text-7\" style=\"--awb-margin-top:-10px;\"><h6 style=\"text-align: center;\">Also fass Dir ein Herz und besinne Dich wieder auf Dein Essen &#8211; Du bist was Du isst !<\/h6>\n<\/div><\/div><\/div><\/div><\/div>\n","protected":false},"excerpt":{"rendered":"","protected":false},"author":2,"featured_media":3116,"comment_status":"open","ping_status":"open","sticky":false,"template":"","format":"standard","meta":{"footnotes":""},"categories":[90,92,66,71],"tags":[155,108],"class_list":["post-3125","post","type-post","status-publish","format-standard","has-post-thumbnail","hentry","category-ernaehrung","category-essen","category-gesundheit","category-wohlbefinden","tag-schwere-kost","tag-zivilisiert"],"_links":{"self":[{"href":"https:\/\/derwanderer.synology.me\/wordpress\/wp-json\/wp\/v2\/posts\/3125","targetHints":{"allow":["GET"]}}],"collection":[{"href":"https:\/\/derwanderer.synology.me\/wordpress\/wp-json\/wp\/v2\/posts"}],"about":[{"href":"https:\/\/derwanderer.synology.me\/wordpress\/wp-json\/wp\/v2\/types\/post"}],"author":[{"embeddable":true,"href":"https:\/\/derwanderer.synology.me\/wordpress\/wp-json\/wp\/v2\/users\/2"}],"replies":[{"embeddable":true,"href":"https:\/\/derwanderer.synology.me\/wordpress\/wp-json\/wp\/v2\/comments?post=3125"}],"version-history":[{"count":0,"href":"https:\/\/derwanderer.synology.me\/wordpress\/wp-json\/wp\/v2\/posts\/3125\/revisions"}],"wp:featuredmedia":[{"embeddable":true,"href":"https:\/\/derwanderer.synology.me\/wordpress\/wp-json\/wp\/v2\/media\/3116"}],"wp:attachment":[{"href":"https:\/\/derwanderer.synology.me\/wordpress\/wp-json\/wp\/v2\/media?parent=3125"}],"wp:term":[{"taxonomy":"category","embeddable":true,"href":"https:\/\/derwanderer.synology.me\/wordpress\/wp-json\/wp\/v2\/categories?post=3125"},{"taxonomy":"post_tag","embeddable":true,"href":"https:\/\/derwanderer.synology.me\/wordpress\/wp-json\/wp\/v2\/tags?post=3125"}],"curies":[{"name":"wp","href":"https:\/\/api.w.org\/{rel}","templated":true}]}}