{"id":4131,"date":"2025-01-28T11:37:30","date_gmt":"2025-01-28T10:37:30","guid":{"rendered":"https:\/\/derwanderer.synology.me\/wordpress\/?p=4131"},"modified":"2026-02-07T09:24:18","modified_gmt":"2026-02-07T08:24:18","slug":"es-wird-zeit-ich-suche","status":"publish","type":"post","link":"https:\/\/derwanderer.synology.me\/wordpress\/es-wird-zeit-ich-suche\/4131\/","title":{"rendered":"Es wird Zeit &#8211; ich suche"},"content":{"rendered":"<div class=\"fusion-fullwidth fullwidth-box fusion-builder-row-1 fusion-flex-container has-pattern-background has-mask-background nonhundred-percent-fullwidth non-hundred-percent-height-scrolling\" style=\"--awb-border-radius-top-left:0px;--awb-border-radius-top-right:0px;--awb-border-radius-bottom-right:0px;--awb-border-radius-bottom-left:0px;--awb-flex-wrap:wrap;\" ><div class=\"fusion-builder-row fusion-row fusion-flex-align-items-flex-start fusion-flex-content-wrap\" style=\"max-width:1302px;margin-left: calc(-5% \/ 2 );margin-right: calc(-5% \/ 2 );\"><div class=\"fusion-layout-column fusion_builder_column fusion-builder-column-0 fusion_builder_column_1_1 1_1 fusion-flex-column\" style=\"--awb-bg-size:cover;--awb-width-large:100%;--awb-margin-top-large:0px;--awb-spacing-right-large:2.375%;--awb-margin-bottom-large:0px;--awb-spacing-left-large:2.375%;--awb-width-medium:100%;--awb-order-medium:0;--awb-spacing-right-medium:2.375%;--awb-spacing-left-medium:2.375%;--awb-width-small:100%;--awb-order-small:0;--awb-spacing-right-small:2.375%;--awb-spacing-left-small:2.375%;\"><div class=\"fusion-column-wrapper fusion-column-has-shadow fusion-flex-justify-content-flex-start fusion-content-layout-column\"><div class=\"fusion-text fusion-text-1\"><p>Ich m\u00f6chte wieder produktiv sein und Geld verdienen, auch weil es sein muss. Die Auszeit und meine anschlie\u00dfende Selbst\u00e4ndigkeit haben mir mehr als gut getan. Und sie war bitter n\u00f6tig. Leider, wie so oft, eigentlich immer, gehen die R\u00fccklagen zur Neige und ich m\u00f6chte meine Frau unterst\u00fctzen, denn sie tr\u00e4gt seit Kurzem die ganze finanzielle Last. Mein Anspruch sagt, dass der Mann die Familie zu ern\u00e4hren hat, nicht umgekehrt, und dabei ist die Emanzipation unerheblich f\u00fcr mich.<\/p>\n<p>Seit 2020 arbeite ich mit WordPress und seit Ende 2024 betreibe ich diesen Blog. Hier gibt es viele Beispiele zu meiner Schreibarbeit, die sich aber erst entwickelt. Diese Webseite l\u00e4uft dazu auf meinem eigenen Server. Meine Leidenschaft geh\u00f6rt nach wie vor der Qualit\u00e4tssicherung und dem sauberen und strukturierten Arbeiten aber ebenso der Freiheit zu Schreiben, ich m\u00f6chte n\u00e4mlich eines Tages ein Buch schreiben.<\/p>\n<p>Im Laufe meiner Bewerbungen stellte ich fest, dass irgendetwas die potenziellen neuen Arbeitgeber davon abh\u00e4lt mich auszuw\u00e4hlen. Nat\u00fcrlich sehe und verfolge ich die wirtschaftliche Lage \u00fcberall, auch in \u00d6sterreich. Interessant sind auch die fast identischen Antworten der HR Abteilungen. Leider wird einem nicht klar gesagt, was die Gr\u00fcnde f\u00fcr die Absagen sind.<\/p>\n<p>Am Ende des Jahres bekam ich dann doch eine Chance. Als Fahrer, als Paketzusteller f\u00fcr Amazon. Und jetzt kommts. S\u00e4mtliche Kundenkontakte waren so herzlich, so freundlich, das hat mich schier \u00fcberw\u00e4ltigt. Dazu kam, dass ich merkte, wie gerne ich unterwegs bin. Auch wenn die Rennerei den ganzen Tag sehr anstrengend war, die Freude und der Umgang mit den lieben Menschen hat das aufgewogen. Deshalb erweitere ich meine Suche nun mit dem Service Gedanken und Aussendienst. Ich m\u00f6chte nurmehr tun was mir Freude bereitet, es geht gar nicht anders.<\/p>\n<p>Meine Kompetenzen liegen weiterhin beim WordPress CMS und in der Qualit\u00e4tssicherung. Wenn Du also Unterst\u00fctzung suchst in einem der genannten Bereichen, sprich mich gerne an.<\/p>\n<p>Mein Werdegang:<\/p>\n<\/div><ul style=\"--awb-line-height:27.2px;--awb-icon-width:27.2px;--awb-icon-height:27.2px;--awb-icon-margin:11.2px;--awb-content-margin:38.4px;--awb-circlecolor:var(--awb-color4);--awb-circle-yes-font-size:14.08px;\" class=\"fusion-checklist fusion-checklist-1 fusion-checklist-default type-icons\"><li class=\"fusion-li-item\" style=\"\"><span class=\"icon-wrapper circle-yes\"><i class=\"fusion-li-icon awb-icon-check\" aria-hidden=\"true\"><\/i><\/span><div class=\"fusion-li-item-content\">\n<p>-ich wurde am 14.10.1974 zu Prien am Chiemsee geboren<\/p>\n<\/div><\/li><li class=\"fusion-li-item\" style=\"\"><span class=\"icon-wrapper circle-yes\"><i class=\"fusion-li-icon awb-icon-check\" aria-hidden=\"true\"><\/i><\/span><div class=\"fusion-li-item-content\">\n<p>-Mittlere Reife<\/p>\n<\/div><\/li><li class=\"fusion-li-item\" style=\"\"><span class=\"icon-wrapper circle-yes\"><i class=\"fusion-li-icon awb-icon-check\" aria-hidden=\"true\"><\/i><\/span><div class=\"fusion-li-item-content\">\n<p>-Bundeswehr Zeitsoldat<\/p>\n<\/div><\/li><li class=\"fusion-li-item\" style=\"\"><span class=\"icon-wrapper circle-yes\"><i class=\"fusion-li-icon awb-icon-check\" aria-hidden=\"true\"><\/i><\/span><div class=\"fusion-li-item-content\">\n<p>-Staatlich gepr\u00fcfter Elektrotechniker (D, Abschlu\u00df Fachrichtung Datenverarbeitung)<\/p>\n<\/div><\/li><li class=\"fusion-li-item\" style=\"\"><span class=\"icon-wrapper circle-yes\"><i class=\"fusion-li-icon awb-icon-check\" aria-hidden=\"true\"><\/i><\/span><div class=\"fusion-li-item-content\">\n<p>-Fachhochschulreife<\/p>\n<\/div><\/li><li class=\"fusion-li-item\" style=\"\"><span class=\"icon-wrapper circle-yes\"><i class=\"fusion-li-icon awb-icon-check\" aria-hidden=\"true\"><\/i><\/span><div class=\"fusion-li-item-content\">\n<p>-Fachabitur<\/p>\n<\/div><\/li><li class=\"fusion-li-item\" style=\"\"><span class=\"icon-wrapper circle-yes\"><i class=\"fusion-li-icon awb-icon-check\" aria-hidden=\"true\"><\/i><\/span><div class=\"fusion-li-item-content\">\n<p>-Meisterpr\u00fcfungen (Teil II, III, IV)<\/p>\n<\/div><\/li><li class=\"fusion-li-item\" style=\"\"><span class=\"icon-wrapper circle-yes\"><i class=\"fusion-li-icon awb-icon-check\" aria-hidden=\"true\"><\/i><\/span><div class=\"fusion-li-item-content\">\n<p>-Berufserfahrung in der Automatisierung (D, F\u00f6rdertechnik, Wetron)<\/p>\n<\/div><\/li><li class=\"fusion-li-item\" style=\"\"><span class=\"icon-wrapper circle-yes\"><i class=\"fusion-li-icon awb-icon-check\" aria-hidden=\"true\"><\/i><\/span><div class=\"fusion-li-item-content\">\n<p>-Berufserfahrung Serviceleitung (D, Hefter Cleantech, Zeitarbeit)<\/p>\n<\/div><\/li><li class=\"fusion-li-item\" style=\"\"><span class=\"icon-wrapper circle-yes\"><i class=\"fusion-li-icon awb-icon-check\" aria-hidden=\"true\"><\/i><\/span><div class=\"fusion-li-item-content\">\n<p>-Berufserfahrung Elektronikfertigung (D, Heidenhain, Zeitarbeit)<\/p>\n<\/div><\/li><li class=\"fusion-li-item\" style=\"\"><span class=\"icon-wrapper circle-yes\"><i class=\"fusion-li-icon awb-icon-check\" aria-hidden=\"true\"><\/i><\/span><div class=\"fusion-li-item-content\">\n<p>-Berufserfahrung Projektmanagement (D, invenio, Ingenieursdienstleistung)<\/p>\n<\/div><\/li><li class=\"fusion-li-item\" style=\"\"><span class=\"icon-wrapper circle-yes\"><i class=\"fusion-li-icon awb-icon-check\" aria-hidden=\"true\"><\/i><\/span><div class=\"fusion-li-item-content\">\n<p>-Berufserfahrung Technischer Leiter Elektrotechnik (D, Reber)<\/p>\n<\/div><\/li><li class=\"fusion-li-item\" style=\"\"><span class=\"icon-wrapper circle-yes\"><i class=\"fusion-li-icon awb-icon-check\" aria-hidden=\"true\"><\/i><\/span><div class=\"fusion-li-item-content\">\n<p>-Berufserfahrung Qualit\u00e4tssicherung (D, Rheinmetall, 8 Jahre, zertifizierter DGQ Spezialist)<\/p>\n<\/div><\/li><li class=\"fusion-li-item\" style=\"\"><span class=\"icon-wrapper circle-yes\"><i class=\"fusion-li-icon awb-icon-check\" aria-hidden=\"true\"><\/i><\/span><div class=\"fusion-li-item-content\">\n<p>-Selbst\u00e4ndigkeit im Webseiten Design (WordPress mit AVADA und Beratung (\u00d6sterreich, FB D&amp;B bis Ende 2023)<\/p>\n<\/div><\/li><li class=\"fusion-li-item\" style=\"\"><span class=\"icon-wrapper circle-yes\"><i class=\"fusion-li-icon awb-icon-check\" aria-hidden=\"true\"><\/i><\/span><div class=\"fusion-li-item-content\">\n<p>-Recherche, literarische Weiterbildung, Projektstart Buch, Administration und Hosting eines eigenen Blogs<\/p>\n<\/div><\/li><\/ul><div class=\"fusion-text fusion-text-2\" style=\"--awb-margin-top:20px;\"><p>Diese Jobsuche ist ernst gemeint, ich kann sofort starten aber bitte nur seri\u00f6se Kontakte! Von allem Anderen habe ich genug erlebt. Dazu geh\u00f6rt auch das sinnfreie Bewerbungsschreiben um Papier f\u00fcr die Tonne zu generieren. Seit Januar kann ich feststellen, dass sich potenzielle Arbeitgeber offenbar sehr schwer tun neue Mitarbeiter anzustellen. Ob dies wirtschaftliche Gr\u00fcnde hat oder die Angst vor gesundheitlichen Ausf\u00e4llen kann nur gemutma\u00dft werden.<br \/>\nZeugnisse gibt es gerne auf Anfrage, hier mein aktueller <a href=\"https:\/\/derwanderer.synology.me\/wordpress\/wp-content\/uploads\/2026\/02\/CV_FBeugler_06.02.2026.pdf\" target=\"_blank\" rel=\"noopener\">CV<\/a> vorab:<\/p>\n<p>Ich freue mich auf eine erf\u00fcllende Aufgabe mit netten Menschen, bei der und mit denen ich mich wohlf\u00fchle &#8211; lieben Dank!<\/p>\n<p>Meine Kontaktdaten:<\/p>\n<p>Email: <a href=\"mailto: f.beugler@icloud.com\" target=\"_blank\" rel=\"noopener noreferrer\">f.beugler@icloud.com<\/a> oder \u00fcber meine &#8218;Abschussrampen&#8216; &#8211; mit freundlichen Gr\u00fc\u00dfen Florian<\/p>\n<\/div><\/div><\/div><\/div><\/div>\n","protected":false},"excerpt":{"rendered":"<p>Am Ende des Jahres bekam ich dann doch eine Chance. Als Fahrer, als Paketzusteller f\u00fcr Amazon. Und jetzt kommts.<\/p>\n","protected":false},"author":2,"featured_media":6449,"comment_status":"open","ping_status":"open","sticky":false,"template":"","format":"standard","meta":{"footnotes":""},"categories":[167,85,159,74],"tags":[225,326,161,305,273,226,160,303,304,224,325,272],"class_list":["post-4131","post","type-post","status-publish","format-standard","has-post-thumbnail","hentry","category-familie","category-gedanken","category-jobsuche","category-publikum","tag-aufrichtigkeit","tag-aussendienst","tag-berufung","tag-cms","tag-content-creator","tag-ehrlichkeit","tag-erfuellende-aufgaben","tag-qm","tag-qms","tag-qualitaetssicherung","tag-servicetechniker","tag-texten"],"_links":{"self":[{"href":"https:\/\/derwanderer.synology.me\/wordpress\/wp-json\/wp\/v2\/posts\/4131","targetHints":{"allow":["GET"]}}],"collection":[{"href":"https:\/\/derwanderer.synology.me\/wordpress\/wp-json\/wp\/v2\/posts"}],"about":[{"href":"https:\/\/derwanderer.synology.me\/wordpress\/wp-json\/wp\/v2\/types\/post"}],"author":[{"embeddable":true,"href":"https:\/\/derwanderer.synology.me\/wordpress\/wp-json\/wp\/v2\/users\/2"}],"replies":[{"embeddable":true,"href":"https:\/\/derwanderer.synology.me\/wordpress\/wp-json\/wp\/v2\/comments?post=4131"}],"version-history":[{"count":0,"href":"https:\/\/derwanderer.synology.me\/wordpress\/wp-json\/wp\/v2\/posts\/4131\/revisions"}],"wp:featuredmedia":[{"embeddable":true,"href":"https:\/\/derwanderer.synology.me\/wordpress\/wp-json\/wp\/v2\/media\/6449"}],"wp:attachment":[{"href":"https:\/\/derwanderer.synology.me\/wordpress\/wp-json\/wp\/v2\/media?parent=4131"}],"wp:term":[{"taxonomy":"category","embeddable":true,"href":"https:\/\/derwanderer.synology.me\/wordpress\/wp-json\/wp\/v2\/categories?post=4131"},{"taxonomy":"post_tag","embeddable":true,"href":"https:\/\/derwanderer.synology.me\/wordpress\/wp-json\/wp\/v2\/tags?post=4131"}],"curies":[{"name":"wp","href":"https:\/\/api.w.org\/{rel}","templated":true}]}}