{"id":4989,"date":"2025-02-11T13:35:28","date_gmt":"2025-02-11T12:35:28","guid":{"rendered":"https:\/\/derwanderer.synology.me\/wordpress\/?p=4989"},"modified":"2025-03-03T15:17:06","modified_gmt":"2025-03-03T14:17:06","slug":"es-sind-die-kleinigkeiten","status":"publish","type":"post","link":"https:\/\/derwanderer.synology.me\/wordpress\/es-sind-die-kleinigkeiten\/4989\/","title":{"rendered":"Es sind die Kleinigkeiten"},"content":{"rendered":"<div class=\"fusion-fullwidth fullwidth-box fusion-builder-row-1 fusion-flex-container has-pattern-background has-mask-background nonhundred-percent-fullwidth non-hundred-percent-height-scrolling\" style=\"--awb-border-radius-top-left:0px;--awb-border-radius-top-right:0px;--awb-border-radius-bottom-right:0px;--awb-border-radius-bottom-left:0px;--awb-flex-wrap:wrap;\" ><div class=\"fusion-builder-row fusion-row fusion-flex-align-items-flex-start fusion-flex-content-wrap\" style=\"max-width:1302px;margin-left: calc(-5% \/ 2 );margin-right: calc(-5% \/ 2 );\"><div class=\"fusion-layout-column fusion_builder_column fusion-builder-column-0 fusion_builder_column_1_1 1_1 fusion-flex-column\" style=\"--awb-bg-size:cover;--awb-width-large:100%;--awb-margin-top-large:0px;--awb-spacing-right-large:2.375%;--awb-margin-bottom-large:0px;--awb-spacing-left-large:2.375%;--awb-width-medium:100%;--awb-order-medium:0;--awb-spacing-right-medium:2.375%;--awb-spacing-left-medium:2.375%;--awb-width-small:100%;--awb-order-small:0;--awb-spacing-right-small:2.375%;--awb-spacing-left-small:2.375%;\"><div class=\"fusion-column-wrapper fusion-column-has-shadow fusion-flex-justify-content-flex-start fusion-content-layout-column\"><div class=\"fusion-text fusion-text-1\"><p>die uns jeden neuen Tag begleiten. Sie erinnern uns daran, dass wir wichtig sind. Sei es um seinen Partner zu unterst\u00fctzen, sei es um ihm Deine Wertsch\u00e4tzung zu zeigen oder weil diese kleinen Dinge zu erledigen sind, damit alles l\u00e4uft und damit alles im Flu\u00df bleibt.<\/p>\n<p>Dies ist wieder einer meiner Einf\u00e4lle die ich gerne hinausschreiben m\u00f6chte an Euch, meine Leser und an alle Menschen die dies lesen und mich verstehen.<\/p>\n<p>Ich war jetzt lange Zeit \u201eweg\u201c. Ich war damals so schockiert und dann traurig zu sehen was mit uns angestellt wurde und vor Allem, was wir alles hinnahmen.<\/p>\n<p>Ohne zu hinterfragen, ohne einen Nachweis zu verlangen folgten wir brav all diesen Anweisungen, die damals schon alles andere als sinnvoll waren.<\/p>\n<p>Denkt nur kurz an die Biergarten-Sitzbelegung. Unfassbar oder?<\/p>\n<p>Ich will dieses dunkle Thema nicht immer wieder hochholen, ich m\u00f6chte nur daran appellieren es nicht zu vergessen!<\/p>\n<p>Ich habe dazu ja erst ein paar Zeilen geschrieben.<\/p>\n<p>Ich m\u00f6chte aber Mut machen, es wird besser, das ist meine \u00dcberzeugung aus Vielem was ich \u00fcber die letzten Jahre gesehen, geh\u00f6rt und gef\u00fchlt habe und es immer noch tue!<\/p>\n<p>Dieses dunkle Thema ist verschwunden, jedenfalls zum gro\u00dfen Teil.<\/p>\n<p>Glaubt Ihr, dass dies von Alleine passierte? Dass diese Entit\u00e4ten, die sich so etwas Unmenschliches ausgedacht haben einfach so aufh\u00f6ren?<br \/>\nSo kurz vorm Ziel?<\/p>\n<p>Der Name dieses Theaterst\u00fcckes war auch nicht zuf\u00e4llig gew\u00e4hlt. Es sollte ihre Kr\u00f6nung sein! Nur kam ihnen da offenbar etwas oder jemand dazwischen.<\/p>\n<p>Ich beschreibe mit Absicht alles sehr vage, Ihr wisst bestimmt wovon ich spreche.<\/p>\n<p>Stellt Euch vor, es gibt da drau\u00dfen noch echte, wahrhaftige Menschen, die langsam aber sicher erkennbar werden!<\/p>\n<p>Wie hei\u00dft es so sch\u00f6n? An ihren Taten werden wir sie erkennen!<\/p>\n<p>Das ist nicht nur eine Phrase &#8211; es geht auch um das Gute, nicht nur um das B\u00f6se.<\/p>\n<p>Die, die dem \u201eB\u00f6sen\u201c dienen sondern auch die, die im Licht (er)scheinen, es gibt sie beide.<\/p>\n<p>Und die Guten stehen auf unserer Seite und \u201ek\u00e4mpfen\u201c f\u00fcr uns!<\/p>\n<p>Wir k\u00f6nnen auch dazu beitragen, dass diese Welt wieder ein wunderbarer und gl\u00fccklicher Ort wird.<\/p>\n<p>Jeder Einzelne kann seinen Beitrag leisten, jeder auf seine Art, jeden Tag.<\/p>\n<p>Liebe Gr\u00fc\u00dfe Florian<\/p>\n<\/div><div class=\"fusion-separator fusion-full-width-sep\" style=\"align-self: center;margin-left: auto;margin-right: auto;width:100%;\"><div class=\"fusion-separator-border sep-single sep-solid\" style=\"--awb-height:20px;--awb-amount:20px;border-color:var(--awb-color3);border-top-width:1px;\"><\/div><\/div><div class=\"fusion-separator fusion-full-width-sep\" style=\"align-self: center;margin-left: auto;margin-right: auto;width:100%;\"><div class=\"fusion-separator-border sep-single sep-solid\" style=\"--awb-height:20px;--awb-amount:20px;border-color:var(--awb-color3);border-top-width:1px;\"><\/div><\/div><\/div><\/div><\/div><\/div>\n","protected":false},"excerpt":{"rendered":"","protected":false},"author":2,"featured_media":238,"comment_status":"open","ping_status":"open","sticky":false,"template":"","format":"standard","meta":{"footnotes":""},"categories":[85,95,80,73],"tags":[233,234,235],"class_list":["post-4989","post","type-post","status-publish","format-standard","has-post-thumbnail","hentry","category-gedanken","category-gefuehl","category-schorz","category-wanderer-magazin","tag-beitrag","tag-licht","tag-zukunft"],"_links":{"self":[{"href":"https:\/\/derwanderer.synology.me\/wordpress\/wp-json\/wp\/v2\/posts\/4989","targetHints":{"allow":["GET"]}}],"collection":[{"href":"https:\/\/derwanderer.synology.me\/wordpress\/wp-json\/wp\/v2\/posts"}],"about":[{"href":"https:\/\/derwanderer.synology.me\/wordpress\/wp-json\/wp\/v2\/types\/post"}],"author":[{"embeddable":true,"href":"https:\/\/derwanderer.synology.me\/wordpress\/wp-json\/wp\/v2\/users\/2"}],"replies":[{"embeddable":true,"href":"https:\/\/derwanderer.synology.me\/wordpress\/wp-json\/wp\/v2\/comments?post=4989"}],"version-history":[{"count":0,"href":"https:\/\/derwanderer.synology.me\/wordpress\/wp-json\/wp\/v2\/posts\/4989\/revisions"}],"wp:featuredmedia":[{"embeddable":true,"href":"https:\/\/derwanderer.synology.me\/wordpress\/wp-json\/wp\/v2\/media\/238"}],"wp:attachment":[{"href":"https:\/\/derwanderer.synology.me\/wordpress\/wp-json\/wp\/v2\/media?parent=4989"}],"wp:term":[{"taxonomy":"category","embeddable":true,"href":"https:\/\/derwanderer.synology.me\/wordpress\/wp-json\/wp\/v2\/categories?post=4989"},{"taxonomy":"post_tag","embeddable":true,"href":"https:\/\/derwanderer.synology.me\/wordpress\/wp-json\/wp\/v2\/tags?post=4989"}],"curies":[{"name":"wp","href":"https:\/\/api.w.org\/{rel}","templated":true}]}}