{"id":5809,"date":"2025-03-14T12:03:42","date_gmt":"2025-03-14T11:03:42","guid":{"rendered":"https:\/\/derwanderer.synology.me\/wordpress\/?p=5809"},"modified":"2025-03-14T12:03:42","modified_gmt":"2025-03-14T11:03:42","slug":"manus-scribere","status":"publish","type":"post","link":"https:\/\/derwanderer.synology.me\/wordpress\/manus-scribere\/5809\/","title":{"rendered":"Manus scribere"},"content":{"rendered":"<div class=\"fusion-fullwidth fullwidth-box fusion-builder-row-1 fusion-flex-container has-pattern-background has-mask-background nonhundred-percent-fullwidth non-hundred-percent-height-scrolling\" style=\"--awb-border-radius-top-left:0px;--awb-border-radius-top-right:0px;--awb-border-radius-bottom-right:0px;--awb-border-radius-bottom-left:0px;--awb-flex-wrap:wrap;\" ><div class=\"fusion-builder-row fusion-row fusion-flex-align-items-flex-start fusion-flex-content-wrap\" style=\"max-width:1302px;margin-left: calc(-5% \/ 2 );margin-right: calc(-5% \/ 2 );\"><div class=\"fusion-layout-column fusion_builder_column fusion-builder-column-0 fusion_builder_column_1_1 1_1 fusion-flex-column\" style=\"--awb-bg-size:cover;--awb-width-large:100%;--awb-margin-top-large:0px;--awb-spacing-right-large:2.375%;--awb-margin-bottom-large:0px;--awb-spacing-left-large:2.375%;--awb-width-medium:100%;--awb-order-medium:0;--awb-spacing-right-medium:2.375%;--awb-spacing-left-medium:2.375%;--awb-width-small:100%;--awb-order-small:0;--awb-spacing-right-small:2.375%;--awb-spacing-left-small:2.375%;\"><div class=\"fusion-column-wrapper fusion-column-has-shadow fusion-flex-justify-content-flex-start fusion-content-layout-column\"><div class=\"fusion-text fusion-text-1\"><p style=\"text-align: center;\">Aus diesen beiden Worten entstand das sogenannte Manuskript. W\u00f6rtlich \u00fcbersetzt bedeuten die beiden lateinischen Worte in dieser Konstellation \u201emit der Hand schreiben\u201c. Dieses Werk eines Autors beschreibt die Teilfertigstellung seines neuen Buches oder dem Text, den er zu ver\u00f6ffentlichen gedenkt. Dann erfolgt die \u00dcbergabe desselben an das Lektorat eines Verlages, wenn er sich f\u00fcr diese Art der Ver\u00f6ffentlichung entscheidet. Die Lektoren \u00fcberpr\u00fcfen dann Grammatik, Satzzeichen, den Aufbau sowie den Inhalt um dann zu entscheiden ob es in diesem Falle zu einer Ver\u00f6ffentlichung in dem gew\u00e4hlten Verlag kommen kann. Sollte der Autor das sogenannte Self-Publishing in Betracht ziehen, entfallen diese Lektoren mit dem zugeh\u00f6rigen Verlag, der Autor \u00fcbernimmt diese Aufgaben selbst inklusive der Suche nach einer Druckerei, die Eigenfinanzierung nicht zu vergessen. Meine Vorgehensweise ist bestimmt unorthodox was das Schreiben eines Buches betrifft. Auf der einen Seite schreibe und ver\u00f6ffentliche ich bereits Artikel um einen Schreibstil zu entwickeln, ich lese selbstverst\u00e4ndlich nebenbei und ich mache mir aber heute schon Gedanken dar\u00fcber wie ich mein zuk\u00fcnftiges Werk \u201aan den Mann\u2018 bringe. In diesem Zuge wurde auch schon ein Manuskript angelegt indem es um Zeilenabst\u00e4nde, Einr\u00fcckungen, Abs\u00e4tze und Szenen geht. Die Gr\u00f6\u00dfe und Art des \u201eBuches\u201c ist noch v\u00f6llig unklar. Auf ein Vorwort als auch auf eine Danksagung habe ich mich bereits verst\u00e4ndigt. Also ich mich mit mir selbst. Kein Schema \u201aF\u2018 war, ist und bleibt mein Credo, denn, wie es auch ein Peter Maffay erst unl\u00e4ngst sang, machst du immer nur das gleiche, kommt dasselbe dabei raus.<\/p>\n<p style=\"text-align: right;\">Beste Gr\u00fc\u00dfe Florian<\/p>\n<\/div><\/div><\/div><\/div><\/div>\n","protected":false},"excerpt":{"rendered":"","protected":false},"author":2,"featured_media":238,"comment_status":"open","ping_status":"open","sticky":false,"template":"","format":"standard","meta":{"footnotes":""},"categories":[85,95,87,243,99],"tags":[289],"class_list":["post-5809","post","type-post","status-publish","format-standard","has-post-thumbnail","hentry","category-gedanken","category-gefuehl","category-hausverstand","category-mein-buch","category-publizieren","tag-manuskript"],"_links":{"self":[{"href":"https:\/\/derwanderer.synology.me\/wordpress\/wp-json\/wp\/v2\/posts\/5809","targetHints":{"allow":["GET"]}}],"collection":[{"href":"https:\/\/derwanderer.synology.me\/wordpress\/wp-json\/wp\/v2\/posts"}],"about":[{"href":"https:\/\/derwanderer.synology.me\/wordpress\/wp-json\/wp\/v2\/types\/post"}],"author":[{"embeddable":true,"href":"https:\/\/derwanderer.synology.me\/wordpress\/wp-json\/wp\/v2\/users\/2"}],"replies":[{"embeddable":true,"href":"https:\/\/derwanderer.synology.me\/wordpress\/wp-json\/wp\/v2\/comments?post=5809"}],"version-history":[{"count":0,"href":"https:\/\/derwanderer.synology.me\/wordpress\/wp-json\/wp\/v2\/posts\/5809\/revisions"}],"wp:featuredmedia":[{"embeddable":true,"href":"https:\/\/derwanderer.synology.me\/wordpress\/wp-json\/wp\/v2\/media\/238"}],"wp:attachment":[{"href":"https:\/\/derwanderer.synology.me\/wordpress\/wp-json\/wp\/v2\/media?parent=5809"}],"wp:term":[{"taxonomy":"category","embeddable":true,"href":"https:\/\/derwanderer.synology.me\/wordpress\/wp-json\/wp\/v2\/categories?post=5809"},{"taxonomy":"post_tag","embeddable":true,"href":"https:\/\/derwanderer.synology.me\/wordpress\/wp-json\/wp\/v2\/tags?post=5809"}],"curies":[{"name":"wp","href":"https:\/\/api.w.org\/{rel}","templated":true}]}}